{"id":9373,"date":"2025-11-13T11:53:03","date_gmt":"2025-11-13T11:53:03","guid":{"rendered":"https:\/\/dxdev.site\/induquimica\/?p=9373"},"modified":"2025-11-13T11:53:06","modified_gmt":"2025-11-13T11:53:06","slug":"artpro-reduz-a-quantidade-de-erros-melhora-a-eficiencia-e-aumenta-a-produtividade-do-stratus-packaging-group","status":"publish","type":"post","link":"https:\/\/dxdev.site\/induquimica\/artpro-reduz-a-quantidade-de-erros-melhora-a-eficiencia-e-aumenta-a-produtividade-do-stratus-packaging-group\/","title":{"rendered":"ArtPro+ reduz a quantidade de erros, melhora a efici\u00eancia e aumenta a produtividade do Stratus Packaging Group"},"content":{"rendered":"\n<p class=\"wp-block-paragraph\">O Stratus Packaging Group, um dos maiores produtores de r\u00f3tulos e etiquetas impressas da Europa, continua seu longo relacionamento com a Esko, agora agregando o ArtPro+ a suas opera\u00e7\u00f5es de pr\u00e9-impress\u00e3o. O uso do ArtPro+ para edi\u00e7\u00e3o na pr\u00e9-impress\u00e3o levou a uma redu\u00e7\u00e3o imediata de erros, tendo como consequ\u00eancia uma melhora na efici\u00eancia e produtividade.<\/p>\n\n\n\n<h2 class=\"wp-block-heading\">Resumo de estudo de caso<\/h2>\n\n\n\n<figure class=\"wp-block-image alignright size-full\"><img fetchpriority=\"high\" decoding=\"async\" width=\"480\" height=\"750\" src=\"https:\/\/dxdev.site\/induquimica\/wp-content\/uploads\/2025\/11\/stratus_the-challenge.jpg\" alt=\"\" class=\"wp-image-9374\" srcset=\"https:\/\/dxdev.site\/induquimica\/wp-content\/uploads\/2025\/11\/stratus_the-challenge.jpg 480w, https:\/\/dxdev.site\/induquimica\/wp-content\/uploads\/2025\/11\/stratus_the-challenge-192x300.jpg 192w\" sizes=\"(max-width: 480px) 100vw, 480px\" \/><\/figure>\n\n\n\n<p class=\"wp-block-paragraph\">Com uma m\u00e3o de obra com mais de 300 pessoas e um faturamento de 50 milh\u00f5es de euros, o&nbsp;<a href=\"https:\/\/www.stratuspackaging.com\/en\" rel=\"nofollow noopener\" target=\"_blank\">Stratus Packaging Group<\/a>, ou simplesmente Stratus como \u00e9 conhecido, \u00e9 um dos maiores produtores de r\u00f3tulos e etiquetas impressos da Europa. Contando com seis unidades dedicadas na Fran\u00e7a, o Stratus oferece solu\u00e7\u00f5es integradas para clientes de diversos segmentos, fornecendo uma ampla variedade de produtos, de r\u00f3tulos e etiquetas adesivos, r\u00f3tulos sleeve at\u00e9 in mold labels.<\/p>\n\n\n\n<p class=\"wp-block-paragraph\">Tr\u00eas servi\u00e7os de pr\u00e9-impress\u00e3o, em unidades diferentes, garantem uma boa capacidade de resposta e seguran\u00e7a aos clientes do Stratus, ao mesmo tempo em que o tamanho, dinamismo, responsividade e adaptabilidade da empresa fizeram do Stratus o parceiro industrial preferido de uma carteira de clientes not\u00e1vel. O grupo oferece servi\u00e7os de flexografia, impress\u00e3o digital, serigrafia, offset e uma combina\u00e7\u00e3o de solu\u00e7\u00f5es de impress\u00e3o, e atende quatro segmentos de mercado \u2013 alimento e bebidas, sa\u00fade e beleza, industrial e produtos qu\u00edmicos.<\/p>\n\n\n\n<p class=\"wp-block-paragraph\">O Stratus tem um relacionamento de sucesso com a Esko h\u00e1 mais de 25 anos, integrando softwares e solu\u00e7\u00f5es como o Automation Engine, WebCenter, Imaging Engine e a solu\u00e7\u00e3o Equinox de gama expandida em suas opera\u00e7\u00f5es. A empresa tamb\u00e9m se orgulha de ser uma das primeiras produtoras de r\u00f3tulos e etiquetas a utilizar a gravadora CDI de chapas flexogr\u00e1ficas em sua produ\u00e7\u00e3o, recebendo o reconhecimento da Esko de \u201cCertificada HD Flexo\u201d, destacando seu forte comprometimento com a qualidade.<\/p>\n\n\n\n<h3 class=\"wp-block-heading\">Investir em tecnologia para apoiar a qualidade e a consist\u00eancia<\/h3>\n\n\n\n<p class=\"wp-block-paragraph\">O Stratus se orgulha de seguir sua estrat\u00e9gia de estar \u00e0 frente do mercado ao inovar continuamente e, por isso, investe em tecnologias de ponta para ajudar a empresa a cumprir esta premissa.<\/p>\n\n\n\n<p class=\"wp-block-paragraph\">\u201cNo ambiente atual, um dos principais desafios do nosso neg\u00f3cio continua sendo estar apto a atender \u00e0s demandas t\u00e9cnicas apresentadas pela produ\u00e7\u00e3o de r\u00f3tulos em uma combina\u00e7\u00e3o de quantidades pequenas, m\u00e9dias e grandes, sem afetar a qualidade do produto acabado\u201d, explica Jean-Fran\u00e7ois Perret, Gerente de Pr\u00e9-Impress\u00e3o do Grupo Stratus.<\/p>\n\n\n\n<p class=\"wp-block-paragraph\">\u201cIsto se aplica tanto aos nossos clientes com lojas f\u00edsicas quanto \u00e0queles especializados em produtos de com\u00e9rcio eletr\u00f4nico. Padronizar a reprodu\u00e7\u00e3o e estar apto a repetir a cor desejada, seja qual for o processo de impress\u00e3o \u2013 digital, convencional ou gama expandida, e tudo isso mantendo o patamar de qualidade esperado, \u00e9 um desafio di\u00e1rio.<\/p>\n\n\n\n<p class=\"wp-block-paragraph\">Tendo usado o ArtPro por diversos anos, o Grupo Stratus decidiu fazer upgrade para o software mais recente, o&nbsp;<a href=\"https:\/\/www.esko.com\/pt\/products\/artpro-plus\" rel=\"nofollow noopener\" target=\"_blank\">ArtPro+<\/a>, permitindo que sua equipe que trabalha em diferentes unidades se beneficiasse das mais recentes inova\u00e7\u00f5es e ferramentas de pr\u00e9-impress\u00e3o, al\u00e9m de agrupar todas as informa\u00e7\u00f5es em um servidor centralizado. \u201cMigrar para o ArtPro+ nos permitiu mudar para o editor de PDF nativo do ArtPro+ e, ao mesmo tempo, possibilitou que transfer\u00edssemos o hist\u00f3rico completo de arquivos ArtPro de nossos clientes\u201d, conta Jean-Fran\u00e7ois. \u201cA nossa longa hist\u00f3ria de trabalho com a Esko \u2013 seja como cliente, online na comunidade de usu\u00e1rios onde as ideias s\u00e3o compartilhadas ou trabalhando diretamente com os desenvolvedores \u2013 est\u00e1vamos totalmente confiantes em nossa decis\u00e3o de adotar o ArtPro+\u201d.<\/p>\n\n\n\n<figure class=\"wp-block-image size-large\"><img decoding=\"async\" width=\"1024\" height=\"341\" src=\"https:\/\/dxdev.site\/induquimica\/wp-content\/uploads\/2025\/11\/stratus_hero-image-1536x512-1-1024x341.jpg\" alt=\"\" class=\"wp-image-9375\" srcset=\"https:\/\/dxdev.site\/induquimica\/wp-content\/uploads\/2025\/11\/stratus_hero-image-1536x512-1-1024x341.jpg 1024w, https:\/\/dxdev.site\/induquimica\/wp-content\/uploads\/2025\/11\/stratus_hero-image-1536x512-1-300x100.jpg 300w, https:\/\/dxdev.site\/induquimica\/wp-content\/uploads\/2025\/11\/stratus_hero-image-1536x512-1-768x256.jpg 768w, https:\/\/dxdev.site\/induquimica\/wp-content\/uploads\/2025\/11\/stratus_hero-image-1536x512-1.jpg 1536w\" sizes=\"(max-width: 1024px) 100vw, 1024px\" \/><\/figure>\n\n\n\n<h3 class=\"wp-block-heading\">A nova gera\u00e7\u00e3o do editor de pr\u00e9-impress\u00e3o da Esko<\/h3>\n\n\n\n<p class=\"wp-block-paragraph\">O ArtPro+ \u00e9 a mais nova gera\u00e7\u00e3o de editor de PDF nativo da Esko para pr\u00e9-impress\u00e3o de embalagens. Este software, al\u00e9m de reduzir erros involunt\u00e1rios quando se est\u00e1 editando, permite que o usu\u00e1rios trabalhem diretamente em arquivos PDF com um conjunto robusto de recursos de edi\u00e7\u00e3o. Compat\u00edvel com todos os PDFs recentes para as normas de embalagem, como a ISO 19593, o ArtPro+ importa arquivos PDF normalizados e arquivos ArtPro, salvando metadados como informa\u00e7\u00f5es de c\u00f3digos de barra e ret\u00edculas. Os arquivos PDF editados com o ArtPro+ tamb\u00e9m s\u00e3o independentes, mantendo todas as informa\u00e7\u00f5es de imagens, fontes e perfil para sa\u00edda e compartilhamento de arquivos livre de problemas.<\/p>\n\n\n\n<blockquote class=\"wp-block-quote is-layout-flow wp-block-quote-is-layout-flow\">\n<p class=\"wp-block-paragraph\">A facilidade de uso, a simplicidade de aprender e as ferramentas de controle integradas se juntam para ajudar a eliminar o risco de erro humano.<\/p>\n<\/blockquote>\n\n\n\n<p class=\"wp-block-paragraph\">Jean-Fran\u00e7ois Perret<\/p>\n\n\n\n<p class=\"wp-block-paragraph\">Prepress Manager, Stratus<\/p>\n\n\n\n<p class=\"wp-block-paragraph\">\u201cSendo mais moderna na navega\u00e7\u00e3o e no design, a interface do novo ArtPro+ imediatamente demonstrou ser popular com os nossos novos recrutas \u2013 a gera\u00e7\u00e3o Y\u201d, comemora Jean-Fran\u00e7ois. \u201cA facilidade de uso, a simplicidade de aprender e as ferramentas de controle integradas se juntam para ajudar a eliminar o risco de erro humano. Atualmente, com press\u00f5es crescentes, prazos mais curtos e pedidos just-in-time do mercado, o processamento da pr\u00e9-impress\u00e3o com o ArtPro+ \u00e9 uma ajuda significativa para garantir que as tarefas do operador est\u00e3o sendo realizadas corretamente\u201d.<\/p>\n\n\n\n<p class=\"wp-block-paragraph\">Jean-Fran\u00e7ois explicou que apesar de estar familiarizado com o ArtPro+ em fun\u00e7\u00e3o de itera\u00e7\u00f5es anteriores, a vers\u00e3o mais recente excedeu todas as expectativas: \u201cCom reconhecimento de texto, marcas din\u00e2micas de \u00faltima gera\u00e7\u00e3o, arqueamento c\u00f4nico, produ\u00e7\u00e3o de embalagens termoencolh\u00edveis ou shrink sleeve, retomada dos grids de arqueamento do ArtPro, capacidade de converter CMYK em uma cor especial do PackEdge e, ainda, uma lista completa de PDF Action Lists, o ArtPro+ 18.1 \u00e9 tudo o que poder\u00edamos desejar e um pouco mais!\u201d, comemora.<\/p>\n\n\n\n<p class=\"wp-block-paragraph\">\u201cO PDF \u00e9 o nosso formato de arquivo multiplataforma e multiunidade, o que reduz o risco de erros de refer\u00eancia, e o utilizamos para renova\u00e7\u00f5es de pedidos por meio do nosso StratusWeb. O uso do formato PDF nativo para associar as etapas de processamento e dados de conte\u00fado com a estrutura de base de dados ISO PDF (Etapa de Processamento) \u00e9, portanto, inestim\u00e1vel para n\u00f3s\u201d.<\/p>\n\n\n\n<h3 class=\"wp-block-heading\">Maior produtividade e efici\u00eancia, maior satisfa\u00e7\u00e3o do cliente<\/h3>\n\n\n\n<p class=\"wp-block-paragraph\">Desde que introduziu o ArtPro+ ao seu processo de pr\u00e9-impress\u00e3o, o Grupo Stratus se beneficiou de uma redu\u00e7\u00e3o imediata nos erros de opera\u00e7\u00e3o.<\/p>\n\n\n\n<blockquote class=\"wp-block-quote is-layout-flow wp-block-quote-is-layout-flow\">\n<p class=\"wp-block-paragraph\">A confian\u00e7a na precis\u00e3o do nosso processo intensificou ao m\u00e1ximo a efici\u00eancia da nossa cadeia de produ\u00e7\u00e3o.<\/p>\n<\/blockquote>\n\n\n\n<p class=\"wp-block-paragraph\">Jean-Fran\u00e7ois Perret<\/p>\n\n\n\n<p class=\"wp-block-paragraph\">Prepress Manager, Stratus<\/p>\n\n\n\n<p class=\"wp-block-paragraph\">\u201cA confian\u00e7a na precis\u00e3o do nosso processo intensificou ao m\u00e1ximo a efici\u00eancia da nossa cadeia de produ\u00e7\u00e3o, enquanto que em termos de qualidade, do processamento at\u00e9 o produto acabado, fomos capazes de garantir de forma confi\u00e1vel o n\u00edvel mais alto de satisfa\u00e7\u00e3o do cliente\u201d, explica Jean-Fran\u00e7ois.<\/p>\n\n\n\n<p class=\"wp-block-paragraph\">\u201cO ArtPro+ trabalha perfeitamente com a nossa plataforma web e o fluxo de trabalho de PDF do&nbsp;<a href=\"https:\/\/www.esko.com\/pt\/products\/webcenter\" rel=\"nofollow noopener\" target=\"_blank\">WebCenter<\/a>,&nbsp;<a href=\"https:\/\/www.esko.com\/pt\/products\/automation-engine\" rel=\"nofollow noopener\" target=\"_blank\">Automation Engine<\/a>&nbsp;e Color Engine, todos da Esko, com nossas impressoras digitais DFE, garantem que temos uma completa centraliza\u00e7\u00e3o de dados. Ou seja, do ponto de vista da produtividade, temos uma total automa\u00e7\u00e3o e conectividade dentro do nosso software empresarial, e n\u00e3o apenas com nossas impressoras digitais, mas tamb\u00e9m com nossas impressoras convencionais conectadas\u201d.<\/p>\n\n\n\n<blockquote class=\"wp-block-quote is-layout-flow wp-block-quote-is-layout-flow\">\n<p class=\"wp-block-paragraph\">Do ponto de vista da produtividade, temos uma total automa\u00e7\u00e3o e conectividade dentro do nosso software empresarial, e n\u00e3o apenas com nossas impressoras digitais, mas tamb\u00e9m com nossas impressoras convencionais conectadas.<\/p>\n<\/blockquote>\n\n\n\n<p class=\"wp-block-paragraph\">Jean-Fran\u00e7ois Perret<\/p>\n\n\n\n<p class=\"wp-block-paragraph\">Prepress Manager, Stratus<\/p>\n\n\n\n<p class=\"wp-block-paragraph\">Ele explicou ainda que, devido \u00e0 estrat\u00e9gia da empresa de maximizar a efic\u00e1cia global do equipamento (OEE) e a produtividade global, o Stratus est\u00e1 continuamente aumentando o n\u00famero de arquivos processados pelo fluxo, e o tamanho da equipe de opera\u00e7\u00e3o est\u00e1 em constante crescimento.<\/p>\n\n\n\n<p class=\"wp-block-paragraph\">\u201cA&nbsp;<a href=\"https:\/\/www.esko.com\/pt\/why-esko\/digital-transformation\" rel=\"nofollow noopener\" target=\"_blank\">transforma\u00e7\u00e3o digital<\/a>&nbsp;dos nossos processos acompanham e complementam a dos nossos clientes\u201d, diz Jean-Fran\u00e7ois. \u201cCom os desafios relacionados especialmente ao com\u00e9rcio eletr\u00f4nico, como prazos ainda mais curtos e solicita\u00e7\u00f5es por mais flexibilidade vindas de nossos clientes, ferramentas como o ArtPro+ s\u00e3o essenciais para n\u00f3s\u201d.<\/p>\n","protected":false},"excerpt":{"rendered":"<p>O Stratus Packaging Group, um dos maiores produtores de r\u00f3tulos e etiquetas impressas da Europa, continua seu longo relacionamento com a Esko, agora agregando o ArtPro+ a suas opera\u00e7\u00f5es de pr\u00e9-impress\u00e3o. O uso do ArtPro+ para edi\u00e7\u00e3o na pr\u00e9-impress\u00e3o levou a uma redu\u00e7\u00e3o imediata de erros, tendo como consequ\u00eancia uma melhora na efici\u00eancia e produtividade. [&hellip;]<\/p>\n","protected":false},"author":7,"featured_media":9376,"comment_status":"open","ping_status":"closed","sticky":false,"template":"","format":"standard","meta":{"_sitemap_exclude":false,"_sitemap_priority":"","_sitemap_frequency":"","_joinchat":[],"footnotes":""},"categories":[30,25],"tags":[],"class_list":["post-9373","post","type-post","status-publish","format-standard","has-post-thumbnail","hentry","category-esko","category-case-studies"],"_links":{"self":[{"href":"https:\/\/dxdev.site\/induquimica\/wp-json\/wp\/v2\/posts\/9373","targetHints":{"allow":["GET"]}}],"collection":[{"href":"https:\/\/dxdev.site\/induquimica\/wp-json\/wp\/v2\/posts"}],"about":[{"href":"https:\/\/dxdev.site\/induquimica\/wp-json\/wp\/v2\/types\/post"}],"author":[{"embeddable":true,"href":"https:\/\/dxdev.site\/induquimica\/wp-json\/wp\/v2\/users\/7"}],"replies":[{"embeddable":true,"href":"https:\/\/dxdev.site\/induquimica\/wp-json\/wp\/v2\/comments?post=9373"}],"version-history":[{"count":0,"href":"https:\/\/dxdev.site\/induquimica\/wp-json\/wp\/v2\/posts\/9373\/revisions"}],"wp:featuredmedia":[{"embeddable":true,"href":"https:\/\/dxdev.site\/induquimica\/wp-json\/wp\/v2\/media\/9376"}],"wp:attachment":[{"href":"https:\/\/dxdev.site\/induquimica\/wp-json\/wp\/v2\/media?parent=9373"}],"wp:term":[{"taxonomy":"category","embeddable":true,"href":"https:\/\/dxdev.site\/induquimica\/wp-json\/wp\/v2\/categories?post=9373"},{"taxonomy":"post_tag","embeddable":true,"href":"https:\/\/dxdev.site\/induquimica\/wp-json\/wp\/v2\/tags?post=9373"}],"curies":[{"name":"wp","href":"https:\/\/api.w.org\/{rel}","templated":true}]}}