{"id":5002,"date":"2023-10-19T10:54:31","date_gmt":"2023-10-19T10:54:31","guid":{"rendered":"https:\/\/dxdev.site\/induquimica\/?p=5002"},"modified":"2024-10-16T15:07:05","modified_gmt":"2024-10-16T15:07:05","slug":"artec-2018-2","status":"publish","type":"post","link":"https:\/\/dxdev.site\/induquimica\/artec-2018-2\/","title":{"rendered":"ARTEC 2018"},"content":{"rendered":"\n<figure class=\"wp-block-image size-large is-resized\"><img fetchpriority=\"high\" decoding=\"async\" width=\"1024\" height=\"479\" src=\"https:\/\/dxdev.site\/induquimica\/wp-content\/uploads\/2023\/10\/artec_fs-1024x479.jpg\" alt=\"\" class=\"wp-image-5003\" style=\"aspect-ratio:2.139966273187184;width:657px;height:auto\" srcset=\"https:\/\/dxdev.site\/induquimica\/wp-content\/uploads\/2023\/10\/artec_fs-1024x479.jpg 1024w, https:\/\/dxdev.site\/induquimica\/wp-content\/uploads\/2023\/10\/artec_fs-300x140.jpg 300w, https:\/\/dxdev.site\/induquimica\/wp-content\/uploads\/2023\/10\/artec_fs-768x359.jpg 768w, https:\/\/dxdev.site\/induquimica\/wp-content\/uploads\/2023\/10\/artec_fs.jpg 1269w\" sizes=\"(max-width: 1024px) 100vw, 1024px\" \/><\/figure>\n\n\n\n<p class=\"wp-block-paragraph\">Filipe Sousa, CEO da Induquimica atrav\u00e9s do seu Departamento de\u00a0 Color IQ foi orador convidado para participar no ARTEC 28 organizado pelo Instituto Polit\u00e9cnico de Tomar. Com o tema &#8221; A perspetiva da cor: do design \u00e0 impress\u00e3o&#8221;, falou sobre a Gest\u00e3o da Cor e a influ\u00eancia dos meios externos na sua an\u00e1lise.<\/p>\n\n\n\n<p class=\"wp-block-paragraph\">Veja a apresenta\u00e7\u00e3o aqui:\u00a0<\/p>\n\n\n\n<p class=\"wp-block-paragraph\"><a href=\"https:\/\/www.youtube.com\/watch?v=ef12lUWhXKI&amp;t=230s\" rel=\"nofollow noopener\" target=\"_blank\">https:\/\/www.youtube.com\/watch?v=ef12lUWhXKI&amp;t=230s<\/a><\/p>\n\n\n\n<figure class=\"wp-block-image size-full\"><img decoding=\"async\" width=\"1013\" height=\"710\" src=\"https:\/\/dxdev.site\/induquimica\/wp-content\/uploads\/2023\/10\/artec_fs3.jpg\" alt=\"\" class=\"wp-image-5004\" srcset=\"https:\/\/dxdev.site\/induquimica\/wp-content\/uploads\/2023\/10\/artec_fs3.jpg 1013w, https:\/\/dxdev.site\/induquimica\/wp-content\/uploads\/2023\/10\/artec_fs3-300x210.jpg 300w, https:\/\/dxdev.site\/induquimica\/wp-content\/uploads\/2023\/10\/artec_fs3-768x538.jpg 768w\" sizes=\"(max-width: 1013px) 100vw, 1013px\" \/><\/figure>\n\n\n\n<figure class=\"wp-block-image size-large\"><img decoding=\"async\" width=\"1024\" height=\"492\" src=\"https:\/\/dxdev.site\/induquimica\/wp-content\/uploads\/2023\/10\/artec_fs2-1024x492.jpg\" alt=\"\" class=\"wp-image-5005\" srcset=\"https:\/\/dxdev.site\/induquimica\/wp-content\/uploads\/2023\/10\/artec_fs2-1024x492.jpg 1024w, https:\/\/dxdev.site\/induquimica\/wp-content\/uploads\/2023\/10\/artec_fs2-300x144.jpg 300w, https:\/\/dxdev.site\/induquimica\/wp-content\/uploads\/2023\/10\/artec_fs2-768x369.jpg 768w, https:\/\/dxdev.site\/induquimica\/wp-content\/uploads\/2023\/10\/artec_fs2.jpg 1153w\" sizes=\"(max-width: 1024px) 100vw, 1024px\" \/><\/figure>\n\n\n\n<figure class=\"wp-block-image size-large\"><img loading=\"lazy\" decoding=\"async\" width=\"1024\" height=\"592\" src=\"https:\/\/dxdev.site\/induquimica\/wp-content\/uploads\/2023\/10\/artec_fs1-1024x592.jpg\" alt=\"\" class=\"wp-image-5006\" srcset=\"https:\/\/dxdev.site\/induquimica\/wp-content\/uploads\/2023\/10\/artec_fs1-1024x592.jpg 1024w, https:\/\/dxdev.site\/induquimica\/wp-content\/uploads\/2023\/10\/artec_fs1-300x173.jpg 300w, https:\/\/dxdev.site\/induquimica\/wp-content\/uploads\/2023\/10\/artec_fs1-768x444.jpg 768w, https:\/\/dxdev.site\/induquimica\/wp-content\/uploads\/2023\/10\/artec_fs1.jpg 1183w\" sizes=\"(max-width: 1024px) 100vw, 1024px\" \/><\/figure>\n","protected":false},"excerpt":{"rendered":"<p>Filipe Sousa, CEO da Induquimica atrav\u00e9s do seu Departamento de\u00a0 Color IQ foi orador convidado para participar no ARTEC 28 organizado pelo Instituto Polit\u00e9cnico de Tomar. Com o tema &#8221; A perspetiva da cor: do design \u00e0 impress\u00e3o&#8221;, falou sobre a Gest\u00e3o da Cor e a influ\u00eancia dos meios externos na sua an\u00e1lise. Veja a [&hellip;]<\/p>\n","protected":false},"author":7,"featured_media":5003,"comment_status":"open","ping_status":"closed","sticky":false,"template":"","format":"standard","meta":{"_sitemap_exclude":false,"_sitemap_priority":"","_sitemap_frequency":"","_joinchat":[],"footnotes":""},"categories":[42,21],"tags":[],"class_list":["post-5002","post","type-post","status-publish","format-standard","has-post-thumbnail","hentry","category-induquimica","category-noticias"],"_links":{"self":[{"href":"https:\/\/dxdev.site\/induquimica\/wp-json\/wp\/v2\/posts\/5002","targetHints":{"allow":["GET"]}}],"collection":[{"href":"https:\/\/dxdev.site\/induquimica\/wp-json\/wp\/v2\/posts"}],"about":[{"href":"https:\/\/dxdev.site\/induquimica\/wp-json\/wp\/v2\/types\/post"}],"author":[{"embeddable":true,"href":"https:\/\/dxdev.site\/induquimica\/wp-json\/wp\/v2\/users\/7"}],"replies":[{"embeddable":true,"href":"https:\/\/dxdev.site\/induquimica\/wp-json\/wp\/v2\/comments?post=5002"}],"version-history":[{"count":0,"href":"https:\/\/dxdev.site\/induquimica\/wp-json\/wp\/v2\/posts\/5002\/revisions"}],"wp:featuredmedia":[{"embeddable":true,"href":"https:\/\/dxdev.site\/induquimica\/wp-json\/wp\/v2\/media\/5003"}],"wp:attachment":[{"href":"https:\/\/dxdev.site\/induquimica\/wp-json\/wp\/v2\/media?parent=5002"}],"wp:term":[{"taxonomy":"category","embeddable":true,"href":"https:\/\/dxdev.site\/induquimica\/wp-json\/wp\/v2\/categories?post=5002"},{"taxonomy":"post_tag","embeddable":true,"href":"https:\/\/dxdev.site\/induquimica\/wp-json\/wp\/v2\/tags?post=5002"}],"curies":[{"name":"wp","href":"https:\/\/api.w.org\/{rel}","templated":true}]}}