{"id":4998,"date":"2023-10-19T10:53:13","date_gmt":"2023-10-19T10:53:13","guid":{"rendered":"https:\/\/dxdev.site\/induquimica\/?p=4998"},"modified":"2024-10-16T15:07:09","modified_gmt":"2024-10-16T15:07:09","slug":"printalks-2017","status":"publish","type":"post","link":"https:\/\/dxdev.site\/induquimica\/printalks-2017\/","title":{"rendered":"PRINTALKS 2017"},"content":{"rendered":"\n<figure class=\"wp-block-image size-full is-resized\"><img fetchpriority=\"high\" decoding=\"async\" width=\"800\" height=\"800\" src=\"https:\/\/dxdev.site\/induquimica\/wp-content\/uploads\/2023\/10\/22688787_1701698846516072_1659637996449003509_n.png\" alt=\"\" class=\"wp-image-4999\" style=\"aspect-ratio:1;width:472px;height:auto\" srcset=\"https:\/\/dxdev.site\/induquimica\/wp-content\/uploads\/2023\/10\/22688787_1701698846516072_1659637996449003509_n.png 800w, https:\/\/dxdev.site\/induquimica\/wp-content\/uploads\/2023\/10\/22688787_1701698846516072_1659637996449003509_n-300x300.png 300w, https:\/\/dxdev.site\/induquimica\/wp-content\/uploads\/2023\/10\/22688787_1701698846516072_1659637996449003509_n-150x150.png 150w, https:\/\/dxdev.site\/induquimica\/wp-content\/uploads\/2023\/10\/22688787_1701698846516072_1659637996449003509_n-768x768.png 768w\" sizes=\"(max-width: 800px) 100vw, 800px\" \/><\/figure>\n\n\n\n<p class=\"wp-block-paragraph\">Filipe Sousa, CEO da Induquimica atrav\u00e9s do seu Departamento de&nbsp; Color IQ foi orador convidado para participar neste excelente evento realizado pela Revista Intergr\u00e1ficas.<\/p>\n\n\n\n<p class=\"wp-block-paragraph\">O tema abordado foi a Gest\u00e3o de Cor, tendo como convidados Am\u00edlcar Capit\u00e3o da Ocyan e Jorge Sol da WeenWorks, que falaram dos desafios que enfrentam diariamente relativamente \u00e0 cor.<\/p>\n\n\n\n<p class=\"wp-block-paragraph\">Veja a apresenta\u00e7\u00e3o aqui:&nbsp;&nbsp;<\/p>\n\n\n\n<figure class=\"wp-block-embed is-type-video is-provider-youtube wp-block-embed-youtube wp-embed-aspect-16-9 wp-has-aspect-ratio\"><div class=\"wp-block-embed__wrapper\">\n<iframe title=\"Filipe Sousa da Induquimica Color IQ no Printalks 2017\" width=\"800\" height=\"450\" src=\"https:\/\/www.youtube.com\/embed\/JAhObuei6G8?start=21&#038;feature=oembed\" frameborder=\"0\" allow=\"accelerometer; autoplay; clipboard-write; encrypted-media; gyroscope; picture-in-picture; web-share\" allowfullscreen><\/iframe>\n<\/div><\/figure>\n\n\n\n<figure class=\"wp-block-embed is-type-video is-provider-youtube wp-block-embed-youtube wp-embed-aspect-16-9 wp-has-aspect-ratio\"><div class=\"wp-block-embed__wrapper\">\n<iframe title=\"2\u00aa parte: Induquimica Color IQ, Ocyan, WeenWorks no Printalks 2017\" width=\"800\" height=\"450\" src=\"https:\/\/www.youtube.com\/embed\/OyJLZ_3Yj8c?start=8&#038;feature=oembed\" frameborder=\"0\" allow=\"accelerometer; autoplay; clipboard-write; encrypted-media; gyroscope; picture-in-picture; web-share\" allowfullscreen><\/iframe>\n<\/div><\/figure>\n\n\n\n<figure class=\"wp-block-image size-large\"><img decoding=\"async\" width=\"1024\" height=\"568\" src=\"https:\/\/dxdev.site\/induquimica\/wp-content\/uploads\/2023\/10\/23825918_1730814120271211_3360706488499000222_o-1024x568.jpg\" alt=\"\" class=\"wp-image-5000\" srcset=\"https:\/\/dxdev.site\/induquimica\/wp-content\/uploads\/2023\/10\/23825918_1730814120271211_3360706488499000222_o-1024x568.jpg 1024w, https:\/\/dxdev.site\/induquimica\/wp-content\/uploads\/2023\/10\/23825918_1730814120271211_3360706488499000222_o-300x166.jpg 300w, https:\/\/dxdev.site\/induquimica\/wp-content\/uploads\/2023\/10\/23825918_1730814120271211_3360706488499000222_o-768x426.jpg 768w, https:\/\/dxdev.site\/induquimica\/wp-content\/uploads\/2023\/10\/23825918_1730814120271211_3360706488499000222_o-1536x852.jpg 1536w, https:\/\/dxdev.site\/induquimica\/wp-content\/uploads\/2023\/10\/23825918_1730814120271211_3360706488499000222_o.jpg 2048w\" sizes=\"(max-width: 1024px) 100vw, 1024px\" \/><\/figure>\n","protected":false},"excerpt":{"rendered":"<p>Filipe Sousa, CEO da Induquimica atrav\u00e9s do seu Departamento de&nbsp; Color IQ foi orador convidado para participar neste excelente evento realizado pela Revista Intergr\u00e1ficas. O tema abordado foi a Gest\u00e3o de Cor, tendo como convidados Am\u00edlcar Capit\u00e3o da Ocyan e Jorge Sol da WeenWorks, que falaram dos desafios que enfrentam diariamente relativamente \u00e0 cor. Veja [&hellip;]<\/p>\n","protected":false},"author":7,"featured_media":5000,"comment_status":"open","ping_status":"closed","sticky":false,"template":"","format":"standard","meta":{"_sitemap_exclude":false,"_sitemap_priority":"","_sitemap_frequency":"","_joinchat":[],"footnotes":""},"categories":[42,21],"tags":[],"class_list":["post-4998","post","type-post","status-publish","format-standard","has-post-thumbnail","hentry","category-induquimica","category-noticias"],"_links":{"self":[{"href":"https:\/\/dxdev.site\/induquimica\/wp-json\/wp\/v2\/posts\/4998","targetHints":{"allow":["GET"]}}],"collection":[{"href":"https:\/\/dxdev.site\/induquimica\/wp-json\/wp\/v2\/posts"}],"about":[{"href":"https:\/\/dxdev.site\/induquimica\/wp-json\/wp\/v2\/types\/post"}],"author":[{"embeddable":true,"href":"https:\/\/dxdev.site\/induquimica\/wp-json\/wp\/v2\/users\/7"}],"replies":[{"embeddable":true,"href":"https:\/\/dxdev.site\/induquimica\/wp-json\/wp\/v2\/comments?post=4998"}],"version-history":[{"count":0,"href":"https:\/\/dxdev.site\/induquimica\/wp-json\/wp\/v2\/posts\/4998\/revisions"}],"wp:featuredmedia":[{"embeddable":true,"href":"https:\/\/dxdev.site\/induquimica\/wp-json\/wp\/v2\/media\/5000"}],"wp:attachment":[{"href":"https:\/\/dxdev.site\/induquimica\/wp-json\/wp\/v2\/media?parent=4998"}],"wp:term":[{"taxonomy":"category","embeddable":true,"href":"https:\/\/dxdev.site\/induquimica\/wp-json\/wp\/v2\/categories?post=4998"},{"taxonomy":"post_tag","embeddable":true,"href":"https:\/\/dxdev.site\/induquimica\/wp-json\/wp\/v2\/tags?post=4998"}],"curies":[{"name":"wp","href":"https:\/\/api.w.org\/{rel}","templated":true}]}}