{"id":4995,"date":"2023-10-19T10:41:45","date_gmt":"2023-10-19T10:41:45","guid":{"rendered":"https:\/\/dxdev.site\/induquimica\/?p=4995"},"modified":"2024-10-16T15:07:17","modified_gmt":"2024-10-16T15:07:17","slug":"seminario-tecnico-lisboa","status":"publish","type":"post","link":"https:\/\/dxdev.site\/induquimica\/seminario-tecnico-lisboa\/","title":{"rendered":"SEMIN\u00c1RIO T\u00c9CNICO LISBOA"},"content":{"rendered":"\n<p class=\"wp-block-paragraph\"><strong>2\u00ba Semin\u00e1rio t\u00e9cnico &#8211; Gest\u00e3o de Cor &#8211; LISBOA<\/strong><\/p>\n\n\n\n<p class=\"wp-block-paragraph\"><strong>25 de Maio, 2017<\/strong><\/p>\n\n\n\n<p class=\"wp-block-paragraph\">O semin\u00e1rio no Porto foi um sucesso com mais de 115 participantes<\/p>\n\n\n\n<p class=\"wp-block-paragraph\"><strong>\u201cTire a incerteza da gest\u00e3o de cor e produza&nbsp;cada&nbsp;trabalho com confian\u00e7a\u201d<\/strong>&nbsp;<\/p>\n\n\n\n<p class=\"wp-block-paragraph\">&nbsp;Local: Oeiras (morada a indicar)<\/p>\n\n\n\n<p class=\"wp-block-paragraph\">Hor\u00e1rio: 9:30 Dura\u00e7\u00e3o: 2,5 horas<\/p>\n\n\n\n<p class=\"wp-block-paragraph\">Inscri\u00e7\u00f5es:&nbsp;<a href=\"https:\/\/goo.gl\/forms\/dX777EwIyzgST95t2\" rel=\"nofollow noopener\" target=\"_blank\">https:\/\/goo.gl\/forms\/dX777EwIyzgST95t2<\/a><\/p>\n\n\n\n<figure class=\"wp-block-image size-full\"><img fetchpriority=\"high\" decoding=\"async\" width=\"622\" height=\"328\" src=\"https:\/\/dxdev.site\/induquimica\/wp-content\/uploads\/2023\/10\/Imagem11-1.png\" alt=\"\" class=\"wp-image-4996\" srcset=\"https:\/\/dxdev.site\/induquimica\/wp-content\/uploads\/2023\/10\/Imagem11-1.png 622w, https:\/\/dxdev.site\/induquimica\/wp-content\/uploads\/2023\/10\/Imagem11-1-300x158.png 300w\" sizes=\"(max-width: 622px) 100vw, 622px\" \/><\/figure>\n\n\n\n<p class=\"wp-block-paragraph\"><strong>Tem\u00e1ticas que ser\u00e3o abordadas no semin\u00e1rio:<\/strong><\/p>\n\n\n\n<p class=\"wp-block-paragraph\"><strong>Teoria da Cor:<\/strong>&nbsp;LAB e Delta E<\/p>\n\n\n\n<p class=\"wp-block-paragraph\"><strong>Prova de cor:<\/strong>&nbsp;Como a tornar num verdadeiro guia de impress\u00e3o.<\/p>\n\n\n\n<p class=\"wp-block-paragraph\"><strong>Equipamentos de controlo de cor:<\/strong>&nbsp;Quais devo utilizar e porqu\u00ea?<\/p>\n\n\n\n<p class=\"wp-block-paragraph\"><strong>Controlo da impress\u00e3o:&nbsp;<\/strong>Automatiza\u00e7\u00e3o e controlo da&nbsp;&nbsp;qualidade de impress\u00e3o para atingir a cor de forma&nbsp;consistente e objetiva. Reports autom\u00e1ticos e em tempo real.<\/p>\n\n\n\n<p class=\"wp-block-paragraph\">Depois do sucesso do 1\u00ba semin\u00e1rio no Porto que contou com mais de 115 participantes, e com feedback extremamente positivo, decidimos replicar em Lisboa a mesma tem\u00e1tica.<\/p>\n\n\n\n<p class=\"wp-block-paragraph\">Tivemos participantes de v\u00e1rios departamentos dentro das Artes Gr\u00e1ficas: impressores, pr\u00e9-impress\u00e3o, diretores de produ\u00e7\u00e3o, administradores, vendedores gr\u00e1ficos, subcontratadores de impress\u00e3o, gabinetes de design, etc.<\/p>\n\n\n\n<p class=\"wp-block-paragraph\">O objetivo \u00e9 que no final do semin\u00e1rio, os participantes consigam definir as \u00e1reas cr\u00edticas do seu processo de gest\u00e3o de cor, onde a maioria dos desafios geralmente s\u00e3o encontrados.&nbsp;<br>Contamos com a sua presen\u00e7a !<\/p>\n\n\n\n<p class=\"wp-block-paragraph\"><br>&nbsp;<br><strong>Inscri\u00e7\u00e3o Gratuita para clientes Induquimica.<\/strong>&nbsp;<br>Inscri\u00e7\u00f5es abertas at\u00e9 22 de Maio.<br><strong>Lugares limitados.<\/strong><\/p>\n\n\n\n<p class=\"wp-block-paragraph\"><br>colorIQ@dxdev.site<\/p>\n\n\n\n<p class=\"wp-block-paragraph\">T: 22 753 06 64<br>www.colorIQ.pt<br><a href=\"https:\/\/dxdev.site\/induquimica\/\">www.induquimica.pt<\/a><\/p>\n","protected":false},"excerpt":{"rendered":"<p>2\u00ba Semin\u00e1rio t\u00e9cnico &#8211; Gest\u00e3o de Cor &#8211; LISBOA 25 de Maio, 2017 O semin\u00e1rio no Porto foi um sucesso com mais de 115 participantes \u201cTire a incerteza da gest\u00e3o de cor e produza&nbsp;cada&nbsp;trabalho com confian\u00e7a\u201d&nbsp; &nbsp;Local: Oeiras (morada a indicar) Hor\u00e1rio: 9:30 Dura\u00e7\u00e3o: 2,5 horas Inscri\u00e7\u00f5es:&nbsp;https:\/\/goo.gl\/forms\/dX777EwIyzgST95t2 Tem\u00e1ticas que ser\u00e3o abordadas no semin\u00e1rio: Teoria da [&hellip;]<\/p>\n","protected":false},"author":7,"featured_media":4996,"comment_status":"open","ping_status":"closed","sticky":false,"template":"","format":"standard","meta":{"_sitemap_exclude":false,"_sitemap_priority":"","_sitemap_frequency":"","_joinchat":[],"footnotes":""},"categories":[42,21],"tags":[],"class_list":["post-4995","post","type-post","status-publish","format-standard","has-post-thumbnail","hentry","category-induquimica","category-noticias"],"_links":{"self":[{"href":"https:\/\/dxdev.site\/induquimica\/wp-json\/wp\/v2\/posts\/4995","targetHints":{"allow":["GET"]}}],"collection":[{"href":"https:\/\/dxdev.site\/induquimica\/wp-json\/wp\/v2\/posts"}],"about":[{"href":"https:\/\/dxdev.site\/induquimica\/wp-json\/wp\/v2\/types\/post"}],"author":[{"embeddable":true,"href":"https:\/\/dxdev.site\/induquimica\/wp-json\/wp\/v2\/users\/7"}],"replies":[{"embeddable":true,"href":"https:\/\/dxdev.site\/induquimica\/wp-json\/wp\/v2\/comments?post=4995"}],"version-history":[{"count":0,"href":"https:\/\/dxdev.site\/induquimica\/wp-json\/wp\/v2\/posts\/4995\/revisions"}],"wp:featuredmedia":[{"embeddable":true,"href":"https:\/\/dxdev.site\/induquimica\/wp-json\/wp\/v2\/media\/4996"}],"wp:attachment":[{"href":"https:\/\/dxdev.site\/induquimica\/wp-json\/wp\/v2\/media?parent=4995"}],"wp:term":[{"taxonomy":"category","embeddable":true,"href":"https:\/\/dxdev.site\/induquimica\/wp-json\/wp\/v2\/categories?post=4995"},{"taxonomy":"post_tag","embeddable":true,"href":"https:\/\/dxdev.site\/induquimica\/wp-json\/wp\/v2\/tags?post=4995"}],"curies":[{"name":"wp","href":"https:\/\/api.w.org\/{rel}","templated":true}]}}