{"id":4990,"date":"2023-10-19T10:40:49","date_gmt":"2023-10-19T10:40:49","guid":{"rendered":"https:\/\/dxdev.site\/induquimica\/?p=4990"},"modified":"2024-10-16T15:07:24","modified_gmt":"2024-10-16T15:07:24","slug":"seminario-tecnico-porto","status":"publish","type":"post","link":"https:\/\/dxdev.site\/induquimica\/seminario-tecnico-porto\/","title":{"rendered":"SEMIN\u00c1RIO T\u00c9CNICO PORTO"},"content":{"rendered":"\n<p class=\"wp-block-paragraph\">Semin\u00e1rio t\u00e9cnico &#8211; Gest\u00e3o de Cor<\/p>\n\n\n\n<p class=\"wp-block-paragraph\">12 de Maio, 2017<\/p>\n\n\n\n<figure class=\"wp-block-image size-full is-resized\"><img fetchpriority=\"high\" decoding=\"async\" width=\"800\" height=\"292\" src=\"https:\/\/dxdev.site\/induquimica\/wp-content\/uploads\/2023\/10\/colorIQ_jpg.jpg\" alt=\"\" class=\"wp-image-4991\" style=\"aspect-ratio:2.73972602739726;width:318px;height:auto\" srcset=\"https:\/\/dxdev.site\/induquimica\/wp-content\/uploads\/2023\/10\/colorIQ_jpg.jpg 800w, https:\/\/dxdev.site\/induquimica\/wp-content\/uploads\/2023\/10\/colorIQ_jpg-300x110.jpg 300w, https:\/\/dxdev.site\/induquimica\/wp-content\/uploads\/2023\/10\/colorIQ_jpg-768x280.jpg 768w\" sizes=\"(max-width: 800px) 100vw, 800px\" \/><\/figure>\n\n\n\n<figure class=\"wp-block-image size-full\"><img decoding=\"async\" width=\"324\" height=\"53\" src=\"https:\/\/dxdev.site\/induquimica\/wp-content\/uploads\/2023\/10\/induq.jpg\" alt=\"\" class=\"wp-image-4992\" srcset=\"https:\/\/dxdev.site\/induquimica\/wp-content\/uploads\/2023\/10\/induq.jpg 324w, https:\/\/dxdev.site\/induquimica\/wp-content\/uploads\/2023\/10\/induq-300x49.jpg 300w\" sizes=\"(max-width: 324px) 100vw, 324px\" \/><\/figure>\n\n\n\n<p class=\"wp-block-paragraph\">\u201cTire a incerteza da gest\u00e3o de cor e produza&nbsp;cada&nbsp;trabalho com confian\u00e7a\u201d&nbsp;<\/p>\n\n\n\n<p class=\"wp-block-paragraph\"><strong>Contamos com a sua presen\u00e7a !&nbsp;<\/strong>&nbsp; Data: 12-05-2017 (sexta-feira) Local:&nbsp;<\/p>\n\n\n\n<p class=\"wp-block-paragraph\">Parque&nbsp;tecnol\u00f3gico S.&nbsp;F\u00e9lix da&nbsp;Marinha:&nbsp;INOVAGAIA<\/p>\n\n\n\n<p class=\"wp-block-paragraph\">Avenida Manuel Violas, 476<\/p>\n\n\n\n<p class=\"wp-block-paragraph\">S. F\u00e9lix da Marinha<\/p>\n\n\n\n<p class=\"wp-block-paragraph\">Vila Nova de Gaia<\/p>\n\n\n\n<p class=\"wp-block-paragraph\">Hor\u00e1rio: 9:30 Dura\u00e7\u00e3o: 2 horas<\/p>\n\n\n\n<figure class=\"wp-block-image size-full\"><img decoding=\"async\" width=\"622\" height=\"328\" src=\"https:\/\/dxdev.site\/induquimica\/wp-content\/uploads\/2023\/10\/Imagem11.png\" alt=\"\" class=\"wp-image-4993\" srcset=\"https:\/\/dxdev.site\/induquimica\/wp-content\/uploads\/2023\/10\/Imagem11.png 622w, https:\/\/dxdev.site\/induquimica\/wp-content\/uploads\/2023\/10\/Imagem11-300x158.png 300w\" sizes=\"(max-width: 622px) 100vw, 622px\" \/><\/figure>\n\n\n\n<p class=\"wp-block-paragraph\"><strong>Tem\u00e1ticas que ser\u00e3o abordadas no semin\u00e1rio:<\/strong><\/p>\n\n\n\n<p class=\"wp-block-paragraph\"><strong>Teoria da Cor:<\/strong>&nbsp;LAB e Delta E<\/p>\n\n\n\n<p class=\"wp-block-paragraph\"><strong>Prova de cor:<\/strong>&nbsp;Como a tornar num verdadeiro guia de impress\u00e3o.<\/p>\n\n\n\n<p class=\"wp-block-paragraph\"><strong>Equipamentos de controlo de cor:<\/strong>&nbsp;Quais devo utilizar e porqu\u00ea?<\/p>\n\n\n\n<p class=\"wp-block-paragraph\"><strong>Controlo da impress\u00e3o:&nbsp;<\/strong>Como controlar a qualidade de impress\u00e3o para atingir a cor de forma&nbsp;consistente e objetiva. Reports autom\u00e1ticos e em tempo real.<\/p>\n\n\n\n<p class=\"wp-block-paragraph\">Muitas gr\u00e1ficas n\u00e3o est\u00e3o a utilizar os seus equipamentos ou software de gest\u00e3o de cor em todo o seu potencial. Mesmo quem os tem, continua&nbsp;a ter o objetivo di\u00e1rio de atingir as cores certas na impress\u00e3o.&nbsp;<br>O problema muitas vezes est\u00e1 no entendimento incorreto de como a cor \u00e9 tratada na fase de projeto, na pr\u00e9-impress\u00e3o e no processo de impress\u00e3o.<br>&nbsp;<br>O Semin\u00e1rio est\u00e1 previsto com as situa\u00e7\u00f5es reais&nbsp;em que iremos discutir v\u00e1rias fases da gest\u00e3o de cor, manipula\u00e7\u00e3o de ficheiros, condi\u00e7\u00f5es de visualiza\u00e7\u00e3o, a import\u00e2ncia dos perfis, etc.<br>Iremos tamb\u00e9m dar a conhecer ferramentas que permitem o controlo em tempo real da qualidade de impress\u00e3o com reports autom\u00e1ticos dos resultados.<br>&nbsp;<br>No final do semin\u00e1rio, os participantes conseguir\u00e3o definir as \u00e1reas cr\u00edticas do seu processo de gest\u00e3o de cor, onde a maioria dos desafios geralmente s\u00e3o encontrados.&nbsp;&nbsp;<br>&nbsp;<br>&nbsp;<br><strong>Inscri\u00e7\u00e3o Gratuita para clientes Induquimica.<\/strong>&nbsp;<br>Inscri\u00e7\u00f5es abertas at\u00e9 8 de Maio.<br><strong>Lugares limitados.<\/strong><\/p>\n\n\n\n<p class=\"wp-block-paragraph\"><br>colorIQ@dxdev.site<\/p>\n\n\n\n<p class=\"wp-block-paragraph\">T: 22 753 06 64<br>www.colorIQ.pt<br><a href=\"https:\/\/dxdev.site\/induquimica\/\">www.induquimica.pt<\/a><\/p>\n","protected":false},"excerpt":{"rendered":"<p>Semin\u00e1rio t\u00e9cnico &#8211; Gest\u00e3o de Cor 12 de Maio, 2017 \u201cTire a incerteza da gest\u00e3o de cor e produza&nbsp;cada&nbsp;trabalho com confian\u00e7a\u201d&nbsp; Contamos com a sua presen\u00e7a !&nbsp;&nbsp; Data: 12-05-2017 (sexta-feira) Local:&nbsp; Parque&nbsp;tecnol\u00f3gico S.&nbsp;F\u00e9lix da&nbsp;Marinha:&nbsp;INOVAGAIA Avenida Manuel Violas, 476 S. F\u00e9lix da Marinha Vila Nova de Gaia Hor\u00e1rio: 9:30 Dura\u00e7\u00e3o: 2 horas Tem\u00e1ticas que ser\u00e3o abordadas [&hellip;]<\/p>\n","protected":false},"author":7,"featured_media":4993,"comment_status":"open","ping_status":"closed","sticky":false,"template":"","format":"standard","meta":{"_sitemap_exclude":false,"_sitemap_priority":"","_sitemap_frequency":"","_joinchat":[],"footnotes":""},"categories":[42,21],"tags":[],"class_list":["post-4990","post","type-post","status-publish","format-standard","has-post-thumbnail","hentry","category-induquimica","category-noticias"],"_links":{"self":[{"href":"https:\/\/dxdev.site\/induquimica\/wp-json\/wp\/v2\/posts\/4990","targetHints":{"allow":["GET"]}}],"collection":[{"href":"https:\/\/dxdev.site\/induquimica\/wp-json\/wp\/v2\/posts"}],"about":[{"href":"https:\/\/dxdev.site\/induquimica\/wp-json\/wp\/v2\/types\/post"}],"author":[{"embeddable":true,"href":"https:\/\/dxdev.site\/induquimica\/wp-json\/wp\/v2\/users\/7"}],"replies":[{"embeddable":true,"href":"https:\/\/dxdev.site\/induquimica\/wp-json\/wp\/v2\/comments?post=4990"}],"version-history":[{"count":0,"href":"https:\/\/dxdev.site\/induquimica\/wp-json\/wp\/v2\/posts\/4990\/revisions"}],"wp:featuredmedia":[{"embeddable":true,"href":"https:\/\/dxdev.site\/induquimica\/wp-json\/wp\/v2\/media\/4993"}],"wp:attachment":[{"href":"https:\/\/dxdev.site\/induquimica\/wp-json\/wp\/v2\/media?parent=4990"}],"wp:term":[{"taxonomy":"category","embeddable":true,"href":"https:\/\/dxdev.site\/induquimica\/wp-json\/wp\/v2\/categories?post=4990"},{"taxonomy":"post_tag","embeddable":true,"href":"https:\/\/dxdev.site\/induquimica\/wp-json\/wp\/v2\/tags?post=4990"}],"curies":[{"name":"wp","href":"https:\/\/api.w.org\/{rel}","templated":true}]}}