{"id":4987,"date":"2023-10-19T10:39:15","date_gmt":"2023-10-19T10:39:15","guid":{"rendered":"https:\/\/dxdev.site\/induquimica\/?p=4987"},"modified":"2024-10-16T15:07:30","modified_gmt":"2024-10-16T15:07:30","slug":"actega-lanca-verniz-magnetico","status":"publish","type":"post","link":"https:\/\/dxdev.site\/induquimica\/actega-lanca-verniz-magnetico\/","title":{"rendered":"ACTEGA LAN\u00c7A VERNIZ MAGNETICO"},"content":{"rendered":"\n<p class=\"wp-block-paragraph\">&nbsp;ACTEGA: lan\u00e7a novo verniz aquoso Magn\u00e9tico TerraEffekt G29\/921.<\/p>\n\n\n\n<p class=\"wp-block-paragraph\">Este verniz cont\u00e9m pigmentos met\u00e1licos que s\u00e3o alinhados magneticamente criando um efeito \u00fanico&#8230;&nbsp;tridimensional com uma impressionante profundidade.<\/p>\n\n\n\n<p class=\"wp-block-paragraph\">A impress\u00e3o \u00e9 realizada numa torre de verniz convencional, sendo montada uma tela especial magnetizada no cilindro de impress\u00e3o. A tela age como um iman criando um padr\u00e3o, com a secagem os pigmentos magn\u00e9ticos fixam-se ao suporte ganhado uma cor cinza escura. Sob pedido \u00e9 poss\u00edvel obter este efeito com outras tonalidades.<\/p>\n\n\n\n<p class=\"wp-block-paragraph\">Este verniz \u00e9 uma oportunidade perfeita de diferencia\u00e7\u00e3o da sua marca!<\/p>\n\n\n\n<p class=\"wp-block-paragraph\">Consulte o video de apresenta\u00e7\u00e3o em:<\/p>\n\n\n\n<p class=\"wp-block-paragraph\"><a href=\"http:\/\/www.calendar-insights.com\/fileadmin\/videos\/EN\/ACTEGA_Titelblatt_002_ENG.mp4\" rel=\"nofollow noopener\" target=\"_blank\">http:\/\/www.calendar-insights.com\/fileadmin\/videos\/EN\/ACTEGA_Titelblatt_002_ENG.mp4<\/a><\/p>\n\n\n\n<figure class=\"wp-block-image size-full\"><img decoding=\"async\" width=\"230\" height=\"153\" src=\"https:\/\/dxdev.site\/induquimica\/wp-content\/uploads\/2023\/10\/sp__0033_s001_s001_t003_04.jpg\" alt=\"\" class=\"wp-image-4988\"\/><\/figure>\n","protected":false},"excerpt":{"rendered":"<p>&nbsp;ACTEGA: lan\u00e7a novo verniz aquoso Magn\u00e9tico TerraEffekt G29\/921. Este verniz cont\u00e9m pigmentos met\u00e1licos que s\u00e3o alinhados magneticamente criando um efeito \u00fanico&#8230;&nbsp;tridimensional com uma impressionante profundidade. A impress\u00e3o \u00e9 realizada numa torre de verniz convencional, sendo montada uma tela especial magnetizada no cilindro de impress\u00e3o. A tela age como um iman criando um padr\u00e3o, com a [&hellip;]<\/p>\n","protected":false},"author":7,"featured_media":4988,"comment_status":"open","ping_status":"closed","sticky":false,"template":"","format":"standard","meta":{"_sitemap_exclude":false,"_sitemap_priority":"","_sitemap_frequency":"","_joinchat":[],"footnotes":""},"categories":[41,21],"tags":[],"class_list":["post-4987","post","type-post","status-publish","format-standard","has-post-thumbnail","hentry","category-actega","category-noticias"],"_links":{"self":[{"href":"https:\/\/dxdev.site\/induquimica\/wp-json\/wp\/v2\/posts\/4987","targetHints":{"allow":["GET"]}}],"collection":[{"href":"https:\/\/dxdev.site\/induquimica\/wp-json\/wp\/v2\/posts"}],"about":[{"href":"https:\/\/dxdev.site\/induquimica\/wp-json\/wp\/v2\/types\/post"}],"author":[{"embeddable":true,"href":"https:\/\/dxdev.site\/induquimica\/wp-json\/wp\/v2\/users\/7"}],"replies":[{"embeddable":true,"href":"https:\/\/dxdev.site\/induquimica\/wp-json\/wp\/v2\/comments?post=4987"}],"version-history":[{"count":0,"href":"https:\/\/dxdev.site\/induquimica\/wp-json\/wp\/v2\/posts\/4987\/revisions"}],"wp:featuredmedia":[{"embeddable":true,"href":"https:\/\/dxdev.site\/induquimica\/wp-json\/wp\/v2\/media\/4988"}],"wp:attachment":[{"href":"https:\/\/dxdev.site\/induquimica\/wp-json\/wp\/v2\/media?parent=4987"}],"wp:term":[{"taxonomy":"category","embeddable":true,"href":"https:\/\/dxdev.site\/induquimica\/wp-json\/wp\/v2\/categories?post=4987"},{"taxonomy":"post_tag","embeddable":true,"href":"https:\/\/dxdev.site\/induquimica\/wp-json\/wp\/v2\/tags?post=4987"}],"curies":[{"name":"wp","href":"https:\/\/api.w.org\/{rel}","templated":true}]}}