{"id":11510,"date":"2026-06-03T15:02:17","date_gmt":"2026-06-03T15:02:17","guid":{"rendered":"https:\/\/dxdev.site\/induquimica\/?p=11510"},"modified":"2026-06-03T15:11:07","modified_gmt":"2026-06-03T15:11:07","slug":"esko-o-custo-nao-e-o-maior-desafio-no-packaging","status":"publish","type":"post","link":"https:\/\/dxdev.site\/induquimica\/esko-o-custo-nao-e-o-maior-desafio-no-packaging\/","title":{"rendered":"Esko: O custo n\u00e3o \u00e9 o maior desafio no packaging"},"content":{"rendered":"\t\t<div data-elementor-type=\"wp-post\" data-elementor-id=\"11510\" class=\"elementor elementor-11510\" data-elementor-settings=\"{&quot;ha_cmc_init_switcher&quot;:&quot;no&quot;}\" data-elementor-post-type=\"post\">\n\t\t\t\t<div class=\"elementor-element elementor-element-35e3f264 e-flex e-con-boxed e-con e-parent\" data-id=\"35e3f264\" data-element_type=\"container\" data-e-type=\"container\" data-settings=\"{&quot;_ha_eqh_enable&quot;:false}\">\n\t\t\t\t\t<div class=\"e-con-inner\">\n\t\t\t\t<div class=\"elementor-element elementor-element-4bd51321 elementor-widget elementor-widget-text-editor\" data-id=\"4bd51321\" data-element_type=\"widget\" data-e-type=\"widget\" data-widget_type=\"text-editor.default\">\n\t\t\t\t<div class=\"elementor-widget-container\">\n\t\t\t\t\t\t\t\t\t\n<p class=\"wp-block-paragraph\">O custo n\u00e3o \u00e9 o maior desafio no packaging.<\/p>\n\n<p class=\"wp-block-paragraph\">Tarifas, materiais, energia, m\u00e3o de obra\u2026 sim, tudo est\u00e1 a aumentar. Mas focar-se apenas no controlo de custos \u00e9 ignorar a verdadeira mudan\u00e7a.<\/p>\n\n<p class=\"wp-block-paragraph\">A quest\u00e3o est\u00e1 no talento digital.<\/p>\n\n<p class=\"wp-block-paragraph\">No seu mais recente artigo, Jan De Roeck explica porque a pr\u00f3xima vantagem competitiva surge da combina\u00e7\u00e3o entre tecnologia e uma nova gera\u00e7\u00e3o de profissionais nativos digitais.<\/p>\n\n<p class=\"wp-block-paragraph\"><strong>Escrito por Jan De Roeck<\/strong><br \/>Diretor de Marketing da Esko<\/p>\n\n<p class=\"wp-block-paragraph\">Seria um eufemismo dizer que vivemos tempos turbulentos. Tens\u00f5es geopol\u00edticas, volatilidade econ\u00f3mica e o aumento generalizado dos custos s\u00e3o apenas alguns exemplos que nos v\u00eam imediatamente \u00e0 mente.<\/p>\n\n<p class=\"wp-block-paragraph\">Para muitos transformadores de embalagens, esta combina\u00e7\u00e3o parece um forte sinal para parar, adiar investimentos ou simplesmente \u201cesperar para ver\u201d. No entanto, a hist\u00f3ria \u2013 e a experi\u00eancia adquirida ao longo de d\u00e9cadas na ind\u00fastria \u2013 mostram-nos algo diferente: \u00e9 precisamente em per\u00edodos de incerteza que o progresso estrat\u00e9gico se torna mais importante.<\/p>\n\n<p class=\"wp-block-paragraph\">As empresas que saem mais fortes de per\u00edodos como este n\u00e3o s\u00e3o aquelas que ficam paralisadas. S\u00e3o aquelas que continuam a investir \u2013 n\u00e3o de forma imprudente, mas de forma consciente \u2013 em equipamentos, tecnologia e pessoas.<\/p>\n\n<p class=\"wp-block-paragraph\">O objetivo n\u00e3o \u00e9 reagir emocionalmente ao medo ou \u00e0s manchetes do momento, mas alinhar as decis\u00f5es com as tend\u00eancias estruturais de longo prazo que est\u00e3o a moldar o setor.<\/p>\n\n<p>\u00a0<\/p>\n\t\t\t\t\t\t\t\t<\/div>\n\t\t\t\t<\/div>\n\t\t\t\t<div class=\"elementor-element elementor-element-b108c08 elementor-widget elementor-widget-elementskit-video\" data-id=\"b108c08\" data-element_type=\"widget\" data-e-type=\"widget\" data-widget_type=\"elementskit-video.default\">\n\t\t\t\t<div class=\"elementor-widget-container\">\n\t\t\t\t\t<div class=\"ekit-wid-con\" >\t\t\t<div class=\"ekit-video-frame\" data-video-player=\"[&quot;playpause&quot;,&quot;current&quot;,&quot;progress&quot;,&quot;duration&quot;,&quot;volume&quot;]\" data-video-setting=\"{&quot;videoVolume&quot;:&quot;horizontal&quot;,&quot;startVolume&quot;:0.8,&quot;videoType&quot;:&quot;inline&quot;,&quot;videoClass&quot;:&quot;ekit_self_video_wrap_content&quot;,&quot;popupIcon&quot;:&quot;&quot;,&quot;videoStyle&quot;:&quot;inline&quot;,&quot;videoTypeName&quot;:&quot;self&quot;,&quot;autoplay&quot;:false,&quot;muted&quot;:false,&quot;loop&quot;:false,&quot;bg_color&quot;:&quot;&quot;}\">\n\t\t\t<div class=\"ekit-inline-video-content  ekit-video-self-hosted\">\n\t\t\t\t\t\t\t\t\t\t\t<!-- <video class=\"inline_video_class\" src=\"https:\/\/dxdev.site\/induquimica\/wp-content\/uploads\/2026\/06\/esko-o-custo-nao-e-o-maior-desafio-no-packaging.mp4\" >\n\t\t\t\t\t\t<\/video> -->\n\n\t\t\t\t\t\t<video class=\"inline_video_class\"\n\t\t\t\t\t\t\t\t\t\t\t\t\t\t\t\t\t>\n\t\t\t\t\t\t<source type=\"video\/mp4\" src=\"https:\/\/dxdev.site\/induquimica\/wp-content\/uploads\/2026\/06\/esko-o-custo-nao-e-o-maior-desafio-no-packaging.mp4\" \/>\n\t\t\t\t\t<\/video>\n\t\t\t\t\t\n\t\t\t\t\t\t\t\t\t<\/div>\n\t\t\t<\/div>\n\t\t\t<\/div>\t\t\t\t<\/div>\n\t\t\t\t<\/div>\n\t\t\t\t<div class=\"elementor-element elementor-element-0c4232a elementor-widget elementor-widget-text-editor\" data-id=\"0c4232a\" data-element_type=\"widget\" data-e-type=\"widget\" data-widget_type=\"text-editor.default\">\n\t\t\t\t<div class=\"elementor-widget-container\">\n\t\t\t\t\t\t\t\t\t\n<h2 class=\"wp-block-heading\">A Press\u00e3o dos Custos \u00e9 Real \u2013 e Estrutural<\/h2>\n\n<p class=\"wp-block-paragraph\">Sejamos honestos sobre a origem da press\u00e3o dos custos para os transformadores. Existem quatro grandes fatores, e nenhum deles \u00e9 uma inconveni\u00eancia tempor\u00e1ria.<\/p>\n\n<p class=\"wp-block-paragraph\"><strong>As pol\u00edticas fiscais e as tarifas comerciais<\/strong> s\u00e3o o primeiro fator. Os governos utilizam impostos e tarifas para proteger as ind\u00fastrias nacionais, corrigir desequil\u00edbrios comerciais ou gerar receitas.<\/p>\n\n<p class=\"wp-block-paragraph\">Para as empresas individuais, existe muito pouca margem de influ\u00eancia neste contexto. As tarifas aumentam o custo dos bens e mat\u00e9rias-primas importados, reduzem as margens e dificultam a competitividade global.<\/p>\n\n<p class=\"wp-block-paragraph\">Na pr\u00e1tica, tornam-se parte integrante do custo dos produtos e do pr\u00f3prio custo de operar numa determinada regi\u00e3o. A capacidade de recuperar esses custos depende fortemente da din\u00e2mica dos mercados locais e das regulamenta\u00e7\u00f5es em vigor.<\/p>\n\n<p class=\"wp-block-paragraph\"><strong>Os custos das mat\u00e9rias-primas<\/strong> constituem o segundo fator e continuam sob forte press\u00e3o. A guerra no Ir\u00e3o tem um impacto imediato na disponibilidade e no custo dos substratos derivados do petr\u00f3leo.<\/p>\n\n<p class=\"wp-block-paragraph\">Ao mesmo tempo, a ind\u00fastria enfrenta uma escassez de materiais reciclados num mundo que ainda n\u00e3o concluiu a transi\u00e7\u00e3o para substratos renov\u00e1veis. As ambi\u00e7\u00f5es em mat\u00e9ria de sustentabilidade s\u00e3o elevadas, mas a cadeia de abastecimento ainda n\u00e3o est\u00e1 preparada para responder a essa procura. Essa diferen\u00e7a tem um custo, agravado pelo conflito no Estreito de Ormuz.<\/p>\n\n<p class=\"wp-block-paragraph\"><strong>Os custos energ\u00e9ticos<\/strong> representam o terceiro pilar. As energias renov\u00e1veis est\u00e3o a crescer, mas ainda n\u00e3o conseguem satisfazer totalmente a procura industrial.<\/p>\n\n<p class=\"wp-block-paragraph\">Paralelamente, o consumo de eletricidade aumenta rapidamente, impulsionado pelos centros de dados de elevado consumo energ\u00e9tico e pela eletrifica\u00e7\u00e3o da mobilidade. Isto cria desequil\u00edbrios estruturais no mercado da energia. Se adicionarmos as tens\u00f5es geopol\u00edticas \u00e0 equa\u00e7\u00e3o, torna-se evidente que o custo da energia n\u00e3o \u00e9 um fen\u00f3meno tempor\u00e1rio. \u00c9 uma realidade de longo prazo.<\/p>\n\n<p class=\"wp-block-paragraph\"><strong>Os custos laborais<\/strong> constituem o quarto fator \u2013 e, possivelmente, o mais complexo. A gera\u00e7\u00e3o dos baby boomers permanece ativa no mercado de trabalho durante mais tempo, trazendo experi\u00eancia e estabilidade, mas tamb\u00e9m custos salariais e encargos sociais mais elevados \u00e0 medida que se aproxima da reforma. Em simult\u00e2neo, continua a ser dif\u00edcil atrair a Gera\u00e7\u00e3o Z para o setor industrial.<\/p>\n\n<h2 class=\"wp-block-heading\">Fazer o Mesmo N\u00e3o Produzir\u00e1 Resultados Diferentes<\/h2>\n\n<p class=\"wp-block-paragraph\">Perante estes fatores de press\u00e3o, as otimiza\u00e7\u00f5es incrementais j\u00e1 n\u00e3o s\u00e3o suficientes. Para crescer de forma sustent\u00e1vel e rent\u00e1vel, \u00e9 necess\u00e1rio fazer as coisas de forma fundamentalmente diferente.<\/p>\n\n<p class=\"wp-block-paragraph\">A automa\u00e7\u00e3o, a robotiza\u00e7\u00e3o e a intelig\u00eancia artificial t\u00eam, sem d\u00favida, um papel importante a desempenhar. Ajudam-nos a ser mais eficientes, reduzir desperd\u00edcios e aumentar a consist\u00eancia dos processos.<\/p>\n\n<p class=\"wp-block-paragraph\">No entanto, a embalagem continua a ser uma ind\u00fastria transformadora. A IA, por si s\u00f3, n\u00e3o opera uma m\u00e1quina de impress\u00e3o. Os rob\u00f4s, por si s\u00f3, n\u00e3o resolvem quest\u00f5es de variabilidade, criatividade ou tomada de decis\u00f5es complexas. A tecnologia \u00e9 essencial, mas n\u00e3o substitui a complexidade nem o julgamento humano.<\/p>\n\n<h2 class=\"wp-block-heading\">Porque \u00e9 que a Gera\u00e7\u00e3o Z \u00e9 Importante \u2014 e Porque Continua a Ser Dif\u00edcil Atra\u00ed-la<\/h2>\n\n<p class=\"wp-block-paragraph\">\u00c0 medida que a press\u00e3o dos custos aumenta e a tecnologia, por si s\u00f3, se revela insuficiente, o talento torna-se o verdadeiro fator diferenciador.<\/p>\n\n<p class=\"wp-block-paragraph\">Uma das oportunidades mais impactantes passa por atrair mais jovens talentos digitais para as opera\u00e7\u00f5es de embalagem. A Gera\u00e7\u00e3o Z possui uma familiaridade natural com software na cloud, dados, ferramentas de automa\u00e7\u00e3o e fluxos de trabalho digitais. Estas s\u00e3o precisamente as compet\u00eancias necess\u00e1rias para acelerar a transforma\u00e7\u00e3o digital e melhorar a efici\u00eancia ao longo de toda a cadeia de valor.<\/p>\n\n<p class=\"wp-block-paragraph\">E, no entanto, atra\u00ed-los continua a ser um desafio.<\/p>\n\n<p class=\"wp-block-paragraph\">Parte do problema est\u00e1 na perce\u00e7\u00e3o. Os setores da embalagem, impress\u00e3o e transforma\u00e7\u00e3o continuam frequentemente a ser vistos como ind\u00fastrias tradicionais, mec\u00e2nicas e at\u00e9 ultrapassadas. Esta imagem contrasta com a forma como as gera\u00e7\u00f5es mais jovens se veem: digitalmente competentes, orientadas por prop\u00f3sito e interessadas em trabalhar com ferramentas modernas e sistemas conectados, mais do que apenas com m\u00e1quinas.<\/p>\n\n<p class=\"wp-block-paragraph\">Ao mesmo tempo, as expectativas mudaram. O sal\u00e1rio continua a ser importante, mas j\u00e1 n\u00e3o \u00e9 suficiente por si s\u00f3. A Gera\u00e7\u00e3o Z procura trabalho com significado, impacto vis\u00edvel, aprendizagem cont\u00ednua e ambientes que reflitam a forma como j\u00e1 trabalha no dia a dia \u2014 software intuitivo, fluxos de trabalho conectados e decis\u00f5es baseadas em dados.<\/p>\n\n<p class=\"wp-block-paragraph\">Quando encontram ambientes produtivos dependentes de processos manuais, sistemas desconectados e conhecimento informal transmitido de pessoa para pessoa, a diferen\u00e7a entre expectativa e realidade torna-se imediatamente evidente.<\/p>\n\n<p class=\"wp-block-paragraph\">Essa diferen\u00e7a representa um desafio, mas tamb\u00e9m uma oportunidade.<\/p>\n\n<h2 class=\"wp-block-heading\">As Compet\u00eancias Digitais que a Gera\u00e7\u00e3o Z Leva para o Ch\u00e3o de F\u00e1brica<\/h2>\n\n<p class=\"wp-block-paragraph\">Esta gera\u00e7\u00e3o traz precisamente as capacidades de que os transformadores necessitam para se manterem competitivos perante o aumento dos custos.<\/p>\n\n<p class=\"wp-block-paragraph\">A Gera\u00e7\u00e3o Z \u00e9 a primeira gera\u00e7\u00e3o a crescer totalmente num ambiente digital. Mais importante ainda, aplica essa mentalidade de forma pr\u00e1tica. Questiona processos manuais, procura oportunidades para ligar sistemas e espera que os fluxos de trabalho sejam automatizados e orientados por dados por defeito.<\/p>\n\n<p class=\"wp-block-paragraph\">Num ambiente de produ\u00e7\u00e3o de embalagens, isso traduz-se diretamente em melhorias na automa\u00e7\u00e3o de fluxos de trabalho, integra\u00e7\u00e3o com sistemas MIS, controlo de qualidade digital e planeamento da produ\u00e7\u00e3o.<\/p>\n\n<p class=\"wp-block-paragraph\">Em vez de se adaptarem \u00e0s inefici\u00eancias, desafiam-nas. E quando as margens s\u00e3o reduzidas, essa mentalidade pode fazer a diferen\u00e7a entre crescer e estagnar.<\/p>\n\n<h2 class=\"wp-block-heading\">A Transforma\u00e7\u00e3o Digital Tamb\u00e9m \u00e9 uma Estrat\u00e9gia de Talento<\/h2>\n\n<p class=\"wp-block-paragraph\">\u00c9 aqui que a transforma\u00e7\u00e3o digital e a estrat\u00e9gia de recursos humanos se cruzam.<\/p>\n\n<p class=\"wp-block-paragraph\">Nos pr\u00f3ximos anos, o desafio demogr\u00e1fico ir\u00e1 intensificar-se. Os custos associados a uma for\u00e7a de trabalho envelhecida continuar\u00e3o a aumentar, enquanto a disponibilidade de m\u00e3o de obra qualificada diminuir\u00e1.<\/p>\n\n<p class=\"wp-block-paragraph\">A \u00fanica forma sustent\u00e1vel de avan\u00e7ar passa por compensar essa press\u00e3o atrav\u00e9s de ganhos de produtividade e efici\u00eancia. E esses ganhos vir\u00e3o de uma for\u00e7a de trabalho mais jovem, capacitada por ferramentas digitais, automa\u00e7\u00e3o e intelig\u00eancia artificial.<\/p>\n\n<p class=\"wp-block-paragraph\">N\u00e3o se trata de substituir a experi\u00eancia pela tecnologia. Precisamos de mostrar aos jovens profissionais que a ind\u00fastria da embalagem j\u00e1 n\u00e3o se resume a tinta nas m\u00e3os. Trata-se de sistemas inteligentes, fluxos de trabalho conectados, otimiza\u00e7\u00e3o da sustentabilidade e tomada de decis\u00f5es baseada em dados.<\/p>\n\n<p class=\"wp-block-paragraph\">Quando a Gera\u00e7\u00e3o Z percebe que as suas compet\u00eancias em digitaliza\u00e7\u00e3o, IA e automa\u00e7\u00e3o podem gerar impacto real, a ind\u00fastria torna-se muito mais atrativa.<\/p>\n\n<h2 class=\"wp-block-heading\">O Progresso \u00e9 uma Escolha Estrat\u00e9gica<\/h2>\n\n<p class=\"wp-block-paragraph\">A incerteza n\u00e3o vai desaparecer. A press\u00e3o dos custos tamb\u00e9m n\u00e3o ir\u00e1 diminuir por magia.<\/p>\n\n<p class=\"wp-block-paragraph\">Os transformadores que continuam a investir em tecnologia, automa\u00e7\u00e3o e pessoas durante per\u00edodos de incerteza constroem uma vantagem estrutural. Tornam-se mais resilientes, mais eficientes e mais preparados para enfrentar qualquer desafio futuro.<\/p>\n\n<p class=\"wp-block-paragraph\">Em momentos como estes, \u00e9 precisamente essa mentalidade que faz toda a diferen\u00e7a.<\/p>\n\t\t\t\t\t\t\t\t<\/div>\n\t\t\t\t<\/div>\n\t\t\t\t\t<\/div>\n\t\t\t\t<\/div>\n\t\t\t\t<\/div>\n\t\t","protected":false},"excerpt":{"rendered":"<p>O custo n\u00e3o \u00e9 o maior desafio no packaging. Tarifas, materiais, energia, m\u00e3o de obra\u2026 sim, tudo est\u00e1 a aumentar. Mas focar-se apenas no controlo de custos \u00e9 ignorar a verdadeira mudan\u00e7a. A quest\u00e3o est\u00e1 no talento digital. No seu mais recente artigo, Jan De Roeck explica porque a pr\u00f3xima vantagem competitiva surge da combina\u00e7\u00e3o [&hellip;]<\/p>\n","protected":false},"author":7,"featured_media":11511,"comment_status":"open","ping_status":"closed","sticky":false,"template":"","format":"standard","meta":{"_sitemap_exclude":false,"_sitemap_priority":"","_sitemap_frequency":"","_joinchat":[],"footnotes":""},"categories":[21,39],"tags":[],"class_list":["post-11510","post","type-post","status-publish","format-standard","has-post-thumbnail","hentry","category-noticias","category-esko-noticias"],"_links":{"self":[{"href":"https:\/\/dxdev.site\/induquimica\/wp-json\/wp\/v2\/posts\/11510","targetHints":{"allow":["GET"]}}],"collection":[{"href":"https:\/\/dxdev.site\/induquimica\/wp-json\/wp\/v2\/posts"}],"about":[{"href":"https:\/\/dxdev.site\/induquimica\/wp-json\/wp\/v2\/types\/post"}],"author":[{"embeddable":true,"href":"https:\/\/dxdev.site\/induquimica\/wp-json\/wp\/v2\/users\/7"}],"replies":[{"embeddable":true,"href":"https:\/\/dxdev.site\/induquimica\/wp-json\/wp\/v2\/comments?post=11510"}],"version-history":[{"count":0,"href":"https:\/\/dxdev.site\/induquimica\/wp-json\/wp\/v2\/posts\/11510\/revisions"}],"wp:featuredmedia":[{"embeddable":true,"href":"https:\/\/dxdev.site\/induquimica\/wp-json\/wp\/v2\/media\/11511"}],"wp:attachment":[{"href":"https:\/\/dxdev.site\/induquimica\/wp-json\/wp\/v2\/media?parent=11510"}],"wp:term":[{"taxonomy":"category","embeddable":true,"href":"https:\/\/dxdev.site\/induquimica\/wp-json\/wp\/v2\/categories?post=11510"},{"taxonomy":"post_tag","embeddable":true,"href":"https:\/\/dxdev.site\/induquimica\/wp-json\/wp\/v2\/tags?post=11510"}],"curies":[{"name":"wp","href":"https:\/\/api.w.org\/{rel}","templated":true}]}}